{"id":655,"date":"2022-07-20T08:54:13","date_gmt":"2022-07-20T06:54:13","guid":{"rendered":"https:\/\/vrc-weicht.de\/?p=655"},"modified":"2022-09-23T17:22:28","modified_gmt":"2022-09-23T15:22:28","slug":"jugendveranstaltung-des-vrc-weicht-reitturnier-am-samstag-1-oktober-2022","status":"publish","type":"post","link":"https:\/\/vrc-weicht.de\/?p=655","title":{"rendered":"ABGESAGT Jugendveranstaltung des VRC Weicht \u2013 Reitturnier am Samstag 1. Oktober 2022"},"content":{"rendered":"\n<p>Leider m\u00fcssen wir unser Reitturnier dieses Jahr aufgrund der sehr wenigen Nennungen absagen. Wir hoffen im n\u00e4chsten Jahr wieder gewohnt viele Teilnehmer, Pferde, Helfer und Zuschauer auf der Reitanlage Weicht begr\u00fc\u00dfen zu k\u00f6nnen!<\/p>\n\n\n\n<div class=\"wp-block-file\"><a href=\"https:\/\/vrc-weicht.de\/wp-content\/uploads\/2022\/07\/Ausschreibung-Weicht-2022.pdf\">Ausschreibung-Weicht-2022<\/a><a href=\"https:\/\/vrc-weicht.de\/wp-content\/uploads\/2022\/07\/Ausschreibung-Weicht-2022.pdf\" class=\"wp-block-file__button\" download>Herunterladen<\/a><\/div>\n\n\n\n<p><\/p>\n","protected":false},"excerpt":{"rendered":"<p>Leider m\u00fcssen wir unser Reitturnier dieses Jahr aufgrund der sehr wenigen Nennungen absagen. Wir hoffen im n\u00e4chsten Jahr wieder gewohnt viele Teilnehmer, Pferde, Helfer und Zuschauer auf der Reitanlage Weicht begr\u00fc\u00dfen zu k\u00f6nnen!<\/p>\n","protected":false},"author":4,"featured_media":0,"comment_status":"closed","ping_status":"open","sticky":false,"template":"","format":"standard","meta":[],"categories":[4,19,5],"tags":[23,22],"yoast_head":"<!-- This site is optimized with the Yoast SEO plugin v19.14 - https:\/\/yoast.com\/wordpress\/plugins\/seo\/ -->\n<title>ABGESAGT Jugendveranstaltung des VRC Weicht \u2013 Reitturnier am Samstag 1. Oktober 2022 - VRC Weicht<\/title>\n<meta name=\"robots\" content=\"index, follow, max-snippet:-1, max-image-preview:large, max-video-preview:-1\" \/>\n<link rel=\"canonical\" href=\"https:\/\/vrc-weicht.de\/?p=655\" \/>\n<meta property=\"og:locale\" content=\"de_DE\" \/>\n<meta property=\"og:type\" content=\"article\" \/>\n<meta property=\"og:title\" content=\"ABGESAGT Jugendveranstaltung des VRC Weicht \u2013 Reitturnier am Samstag 1. Oktober 2022 - VRC Weicht\" \/>\n<meta property=\"og:description\" content=\"Leider m\u00fcssen wir unser Reitturnier dieses Jahr aufgrund der sehr wenigen Nennungen absagen. Wir hoffen im n\u00e4chsten Jahr wieder gewohnt viele Teilnehmer, Pferde, Helfer und Zuschauer auf der Reitanlage Weicht begr\u00fc\u00dfen zu k\u00f6nnen!\" \/>\n<meta property=\"og:url\" content=\"https:\/\/vrc-weicht.de\/?p=655\" \/>\n<meta property=\"og:site_name\" content=\"VRC Weicht\" \/>\n<meta property=\"article:publisher\" content=\"https:\/\/www.facebook.com\/VRC-Weicht-1568356060081567\" \/>\n<meta property=\"article:published_time\" content=\"2022-07-20T06:54:13+00:00\" \/>\n<meta property=\"article:modified_time\" content=\"2022-09-23T15:22:28+00:00\" \/>\n<meta name=\"author\" content=\"Theresa Liebchen\" \/>\n<meta name=\"twitter:card\" content=\"summary_large_image\" \/>\n<meta name=\"twitter:label1\" content=\"Verfasst von\" \/>\n\t<meta name=\"twitter:data1\" content=\"Theresa Liebchen\" \/>\n<script type=\"application\/ld+json\" class=\"yoast-schema-graph\">{\"@context\":\"https:\/\/schema.org\",\"@graph\":[{\"@type\":\"Article\",\"@id\":\"https:\/\/vrc-weicht.de\/?p=655#article\",\"isPartOf\":{\"@id\":\"https:\/\/vrc-weicht.de\/?p=655\"},\"author\":{\"name\":\"Theresa Liebchen\",\"@id\":\"https:\/\/vrc-weicht.de\/#\/schema\/person\/c80e73098eeb9dd4ba8b3c3d23f90f51\"},\"headline\":\"ABGESAGT Jugendveranstaltung des VRC Weicht \u2013 Reitturnier am Samstag 1. Oktober 2022\",\"datePublished\":\"2022-07-20T06:54:13+00:00\",\"dateModified\":\"2022-09-23T15:22:28+00:00\",\"mainEntityOfPage\":{\"@id\":\"https:\/\/vrc-weicht.de\/?p=655\"},\"wordCount\":48,\"publisher\":{\"@id\":\"https:\/\/vrc-weicht.de\/#organization\"},\"keywords\":[\"Ausschreibung\",\"Turnier\"],\"articleSection\":[\"Ausschreibungen\",\"Reiten\",\"Veranstaltungen\"],\"inLanguage\":\"de\"},{\"@type\":\"WebPage\",\"@id\":\"https:\/\/vrc-weicht.de\/?p=655\",\"url\":\"https:\/\/vrc-weicht.de\/?p=655\",\"name\":\"ABGESAGT Jugendveranstaltung des VRC Weicht \u2013 Reitturnier am Samstag 1. Oktober 2022 - VRC Weicht\",\"isPartOf\":{\"@id\":\"https:\/\/vrc-weicht.de\/#website\"},\"datePublished\":\"2022-07-20T06:54:13+00:00\",\"dateModified\":\"2022-09-23T15:22:28+00:00\",\"breadcrumb\":{\"@id\":\"https:\/\/vrc-weicht.de\/?p=655#breadcrumb\"},\"inLanguage\":\"de\",\"potentialAction\":[{\"@type\":\"ReadAction\",\"target\":[\"https:\/\/vrc-weicht.de\/?p=655\"]}]},{\"@type\":\"BreadcrumbList\",\"@id\":\"https:\/\/vrc-weicht.de\/?p=655#breadcrumb\",\"itemListElement\":[{\"@type\":\"ListItem\",\"position\":1,\"name\":\"Startseite\",\"item\":\"https:\/\/vrc-weicht.de\/\"},{\"@type\":\"ListItem\",\"position\":2,\"name\":\"ABGESAGT Jugendveranstaltung des VRC Weicht \u2013 Reitturnier am Samstag 1. Oktober 2022\"}]},{\"@type\":\"WebSite\",\"@id\":\"https:\/\/vrc-weicht.de\/#website\",\"url\":\"https:\/\/vrc-weicht.de\/\",\"name\":\"VRC Weicht\",\"description\":\"Voltigier- und Reitcentrum Weicht e.V.\",\"publisher\":{\"@id\":\"https:\/\/vrc-weicht.de\/#organization\"},\"potentialAction\":[{\"@type\":\"SearchAction\",\"target\":{\"@type\":\"EntryPoint\",\"urlTemplate\":\"https:\/\/vrc-weicht.de\/?s={search_term_string}\"},\"query-input\":\"required name=search_term_string\"}],\"inLanguage\":\"de\"},{\"@type\":\"Organization\",\"@id\":\"https:\/\/vrc-weicht.de\/#organization\",\"name\":\"VRC Weicht e.V.\",\"url\":\"https:\/\/vrc-weicht.de\/\",\"logo\":{\"@type\":\"ImageObject\",\"inLanguage\":\"de\",\"@id\":\"https:\/\/vrc-weicht.de\/#\/schema\/logo\/image\/\",\"url\":\"https:\/\/vrc-weicht.de\/wp-content\/uploads\/2020\/11\/VRC-Weicht-Logo.png\",\"contentUrl\":\"https:\/\/vrc-weicht.de\/wp-content\/uploads\/2020\/11\/VRC-Weicht-Logo.png\",\"width\":512,\"height\":512,\"caption\":\"VRC Weicht e.V.\"},\"image\":{\"@id\":\"https:\/\/vrc-weicht.de\/#\/schema\/logo\/image\/\"},\"sameAs\":[\"https:\/\/www.instagram.com\/seniorteam_weicht\/\",\"https:\/\/www.facebook.com\/VRC-Weicht-1568356060081567\"]},{\"@type\":\"Person\",\"@id\":\"https:\/\/vrc-weicht.de\/#\/schema\/person\/c80e73098eeb9dd4ba8b3c3d23f90f51\",\"name\":\"Theresa Liebchen\",\"image\":{\"@type\":\"ImageObject\",\"inLanguage\":\"de\",\"@id\":\"https:\/\/vrc-weicht.de\/#\/schema\/person\/image\/\",\"url\":\"https:\/\/secure.gravatar.com\/avatar\/bb1b790bb1dc11eef2bee3902f1dc755?s=96&d=mm&r=g\",\"contentUrl\":\"https:\/\/secure.gravatar.com\/avatar\/bb1b790bb1dc11eef2bee3902f1dc755?s=96&d=mm&r=g\",\"caption\":\"Theresa Liebchen\"},\"url\":\"https:\/\/vrc-weicht.de\/?author=4\"}]}<\/script>\n<!-- \/ Yoast SEO plugin. -->","yoast_head_json":{"title":"ABGESAGT Jugendveranstaltung des VRC Weicht \u2013 Reitturnier am Samstag 1. Oktober 2022 - VRC Weicht","robots":{"index":"index","follow":"follow","max-snippet":"max-snippet:-1","max-image-preview":"max-image-preview:large","max-video-preview":"max-video-preview:-1"},"canonical":"https:\/\/vrc-weicht.de\/?p=655","og_locale":"de_DE","og_type":"article","og_title":"ABGESAGT Jugendveranstaltung des VRC Weicht \u2013 Reitturnier am Samstag 1. Oktober 2022 - VRC Weicht","og_description":"Leider m\u00fcssen wir unser Reitturnier dieses Jahr aufgrund der sehr wenigen Nennungen absagen. Wir hoffen im n\u00e4chsten Jahr wieder gewohnt viele Teilnehmer, Pferde, Helfer und Zuschauer auf der Reitanlage Weicht begr\u00fc\u00dfen zu k\u00f6nnen!","og_url":"https:\/\/vrc-weicht.de\/?p=655","og_site_name":"VRC Weicht","article_publisher":"https:\/\/www.facebook.com\/VRC-Weicht-1568356060081567","article_published_time":"2022-07-20T06:54:13+00:00","article_modified_time":"2022-09-23T15:22:28+00:00","author":"Theresa Liebchen","twitter_card":"summary_large_image","twitter_misc":{"Verfasst von":"Theresa Liebchen"},"schema":{"@context":"https:\/\/schema.org","@graph":[{"@type":"Article","@id":"https:\/\/vrc-weicht.de\/?p=655#article","isPartOf":{"@id":"https:\/\/vrc-weicht.de\/?p=655"},"author":{"name":"Theresa Liebchen","@id":"https:\/\/vrc-weicht.de\/#\/schema\/person\/c80e73098eeb9dd4ba8b3c3d23f90f51"},"headline":"ABGESAGT Jugendveranstaltung des VRC Weicht \u2013 Reitturnier am Samstag 1. Oktober 2022","datePublished":"2022-07-20T06:54:13+00:00","dateModified":"2022-09-23T15:22:28+00:00","mainEntityOfPage":{"@id":"https:\/\/vrc-weicht.de\/?p=655"},"wordCount":48,"publisher":{"@id":"https:\/\/vrc-weicht.de\/#organization"},"keywords":["Ausschreibung","Turnier"],"articleSection":["Ausschreibungen","Reiten","Veranstaltungen"],"inLanguage":"de"},{"@type":"WebPage","@id":"https:\/\/vrc-weicht.de\/?p=655","url":"https:\/\/vrc-weicht.de\/?p=655","name":"ABGESAGT Jugendveranstaltung des VRC Weicht \u2013 Reitturnier am Samstag 1. Oktober 2022 - VRC Weicht","isPartOf":{"@id":"https:\/\/vrc-weicht.de\/#website"},"datePublished":"2022-07-20T06:54:13+00:00","dateModified":"2022-09-23T15:22:28+00:00","breadcrumb":{"@id":"https:\/\/vrc-weicht.de\/?p=655#breadcrumb"},"inLanguage":"de","potentialAction":[{"@type":"ReadAction","target":["https:\/\/vrc-weicht.de\/?p=655"]}]},{"@type":"BreadcrumbList","@id":"https:\/\/vrc-weicht.de\/?p=655#breadcrumb","itemListElement":[{"@type":"ListItem","position":1,"name":"Startseite","item":"https:\/\/vrc-weicht.de\/"},{"@type":"ListItem","position":2,"name":"ABGESAGT Jugendveranstaltung des VRC Weicht \u2013 Reitturnier am Samstag 1. Oktober 2022"}]},{"@type":"WebSite","@id":"https:\/\/vrc-weicht.de\/#website","url":"https:\/\/vrc-weicht.de\/","name":"VRC Weicht","description":"Voltigier- und Reitcentrum Weicht e.V.","publisher":{"@id":"https:\/\/vrc-weicht.de\/#organization"},"potentialAction":[{"@type":"SearchAction","target":{"@type":"EntryPoint","urlTemplate":"https:\/\/vrc-weicht.de\/?s={search_term_string}"},"query-input":"required name=search_term_string"}],"inLanguage":"de"},{"@type":"Organization","@id":"https:\/\/vrc-weicht.de\/#organization","name":"VRC Weicht e.V.","url":"https:\/\/vrc-weicht.de\/","logo":{"@type":"ImageObject","inLanguage":"de","@id":"https:\/\/vrc-weicht.de\/#\/schema\/logo\/image\/","url":"https:\/\/vrc-weicht.de\/wp-content\/uploads\/2020\/11\/VRC-Weicht-Logo.png","contentUrl":"https:\/\/vrc-weicht.de\/wp-content\/uploads\/2020\/11\/VRC-Weicht-Logo.png","width":512,"height":512,"caption":"VRC Weicht e.V."},"image":{"@id":"https:\/\/vrc-weicht.de\/#\/schema\/logo\/image\/"},"sameAs":["https:\/\/www.instagram.com\/seniorteam_weicht\/","https:\/\/www.facebook.com\/VRC-Weicht-1568356060081567"]},{"@type":"Person","@id":"https:\/\/vrc-weicht.de\/#\/schema\/person\/c80e73098eeb9dd4ba8b3c3d23f90f51","name":"Theresa Liebchen","image":{"@type":"ImageObject","inLanguage":"de","@id":"https:\/\/vrc-weicht.de\/#\/schema\/person\/image\/","url":"https:\/\/secure.gravatar.com\/avatar\/bb1b790bb1dc11eef2bee3902f1dc755?s=96&d=mm&r=g","contentUrl":"https:\/\/secure.gravatar.com\/avatar\/bb1b790bb1dc11eef2bee3902f1dc755?s=96&d=mm&r=g","caption":"Theresa Liebchen"},"url":"https:\/\/vrc-weicht.de\/?author=4"}]}},"_links":{"self":[{"href":"https:\/\/vrc-weicht.de\/index.php?rest_route=\/wp\/v2\/posts\/655"}],"collection":[{"href":"https:\/\/vrc-weicht.de\/index.php?rest_route=\/wp\/v2\/posts"}],"about":[{"href":"https:\/\/vrc-weicht.de\/index.php?rest_route=\/wp\/v2\/types\/post"}],"author":[{"embeddable":true,"href":"https:\/\/vrc-weicht.de\/index.php?rest_route=\/wp\/v2\/users\/4"}],"replies":[{"embeddable":true,"href":"https:\/\/vrc-weicht.de\/index.php?rest_route=%2Fwp%2Fv2%2Fcomments&post=655"}],"version-history":[{"count":3,"href":"https:\/\/vrc-weicht.de\/index.php?rest_route=\/wp\/v2\/posts\/655\/revisions"}],"predecessor-version":[{"id":674,"href":"https:\/\/vrc-weicht.de\/index.php?rest_route=\/wp\/v2\/posts\/655\/revisions\/674"}],"wp:attachment":[{"href":"https:\/\/vrc-weicht.de\/index.php?rest_route=%2Fwp%2Fv2%2Fmedia&parent=655"}],"wp:term":[{"taxonomy":"category","embeddable":true,"href":"https:\/\/vrc-weicht.de\/index.php?rest_route=%2Fwp%2Fv2%2Fcategories&post=655"},{"taxonomy":"post_tag","embeddable":true,"href":"https:\/\/vrc-weicht.de\/index.php?rest_route=%2Fwp%2Fv2%2Ftags&post=655"}],"curies":[{"name":"wp","href":"https:\/\/api.w.org\/{rel}","templated":true}]}}