{"id":777,"date":"2023-04-16T11:47:42","date_gmt":"2023-04-16T09:47:42","guid":{"rendered":"https:\/\/vrc-weicht.de\/?p=777"},"modified":"2023-07-13T09:51:52","modified_gmt":"2023-07-13T07:51:52","slug":"bayerns-voltigierer-gegen-leukaemie","status":"publish","type":"post","link":"https:\/\/vrc-weicht.de\/?p=777","title":{"rendered":"Bayerns Voltigierer gegen Leuk\u00e4mie!"},"content":{"rendered":"\n<div class=\"wp-block-file\"><a id=\"wp-block-file--media-f054d86a-e92e-4215-9acc-d2a4bf96cea3\" href=\"https:\/\/vrc-weicht.de\/wp-content\/uploads\/2023\/04\/Plakat-29.04.2023-Weicht_Volti_gegen_Leukaemie-mitBotschafter.pdf\">Plakat-29.04.2023-Weicht_Volti_gegen_Leukaemie-mitBotschafter<\/a><a href=\"https:\/\/vrc-weicht.de\/wp-content\/uploads\/2023\/04\/Plakat-29.04.2023-Weicht_Volti_gegen_Leukaemie-mitBotschafter.pdf\" class=\"wp-block-file__button wp-element-button\" download aria-describedby=\"wp-block-file--media-f054d86a-e92e-4215-9acc-d2a4bf96cea3\">Herunterladen<\/a><\/div>\n\n\n\n<p>Bis Mitte Juli habt ihr auf verschiedenen Turnieren die M\u00f6glichkeit, euch in die Stammzellspenderdatei der Stiftung AKB aufnehmen zu lassen. Ganz einfach \u2013 per Wangenabstrich!<\/p>\n\n\n\n<p>Der Typisierungstermin auf dem Breitensportturnier des VRC-Weicht e.V. ist am Samstag, 29. April 2023 von 11.00 \u2013 16.00 Uhr.<\/p>\n\n\n\n<p>Weitere Termine findet ihr unter <a href=\"https:\/\/akb.de\/bayerns-voltigierer-gegen-leukaemie\/\">https:\/\/akb.de\/bayerns-voltigierer-gegen-leukaemie\/<\/a>.<\/p>\n\n\n\n<p>An den Bayerischen Meisterschaften werden dann die erreichten Typisierungen bekannt gegeben.<\/p>\n\n\n\n<p>\u201eVoltigierer sind daf\u00fcr bekannt gemeinsam im Team Gro\u00dfes zu schaffen!&nbsp;Die AKB ist sich sicher, dass hier etwas Gro\u00dfes entstehen kann!\u201c<\/p>\n\n\n\n<p>Helft mit! Lasst euch typisieren, teilt den Beitrag weiter.<\/p>\n\n\n\n<p>Lasst die Aktion zu etwas Gro\u00dfen werden!<\/p>\n\n\n\n<figure class=\"wp-block-image size-large\"><img decoding=\"async\" loading=\"lazy\" width=\"768\" height=\"1024\" src=\"https:\/\/vrc-weicht.de\/wp-content\/uploads\/2023\/04\/Plakat-29.04.2023-Weicht_Volti_gegen_Leukaemie-mitBotschafter-768x1024.png\" alt=\"\" class=\"wp-image-782\" srcset=\"https:\/\/vrc-weicht.de\/wp-content\/uploads\/2023\/04\/Plakat-29.04.2023-Weicht_Volti_gegen_Leukaemie-mitBotschafter-768x1024.png 768w, https:\/\/vrc-weicht.de\/wp-content\/uploads\/2023\/04\/Plakat-29.04.2023-Weicht_Volti_gegen_Leukaemie-mitBotschafter-225x300.png 225w, https:\/\/vrc-weicht.de\/wp-content\/uploads\/2023\/04\/Plakat-29.04.2023-Weicht_Volti_gegen_Leukaemie-mitBotschafter-1152x1536.png 1152w, https:\/\/vrc-weicht.de\/wp-content\/uploads\/2023\/04\/Plakat-29.04.2023-Weicht_Volti_gegen_Leukaemie-mitBotschafter-1536x2048.png 1536w\" sizes=\"(max-width: 768px) 100vw, 768px\" \/><\/figure>\n","protected":false},"excerpt":{"rendered":"<p>Bis Mitte Juli habt ihr auf verschiedenen Turnieren die M\u00f6glichkeit, euch in die Stammzellspenderdatei der Stiftung AKB aufnehmen zu lassen. Ganz einfach \u2013 per Wangenabstrich! Der Typisierungstermin auf dem Breitensportturnier des VRC-Weicht e.V. ist am Samstag, 29. April 2023 von 11.00 \u2013 16.00 Uhr. Weitere Termine findet ihr unter https:\/\/akb.de\/bayerns-voltigierer-gegen-leukaemie\/. An den Bayerischen Meisterschaften werden<\/p>\n","protected":false},"author":4,"featured_media":0,"comment_status":"closed","ping_status":"open","sticky":false,"template":"","format":"standard","meta":[],"categories":[11],"tags":[],"yoast_head":"<!-- This site is optimized with the Yoast SEO plugin v19.14 - https:\/\/yoast.com\/wordpress\/plugins\/seo\/ -->\n<title>Bayerns Voltigierer gegen Leuk\u00e4mie! - VRC Weicht<\/title>\n<meta name=\"robots\" content=\"index, follow, max-snippet:-1, max-image-preview:large, max-video-preview:-1\" \/>\n<link rel=\"canonical\" href=\"https:\/\/vrc-weicht.de\/?p=777\" \/>\n<meta property=\"og:locale\" content=\"de_DE\" \/>\n<meta property=\"og:type\" content=\"article\" \/>\n<meta property=\"og:title\" content=\"Bayerns Voltigierer gegen Leuk\u00e4mie! - VRC Weicht\" \/>\n<meta property=\"og:description\" content=\"Bis Mitte Juli habt ihr auf verschiedenen Turnieren die M\u00f6glichkeit, euch in die Stammzellspenderdatei der Stiftung AKB aufnehmen zu lassen. Ganz einfach \u2013 per Wangenabstrich! Der Typisierungstermin auf dem Breitensportturnier des VRC-Weicht e.V. ist am Samstag, 29. April 2023 von 11.00 \u2013 16.00 Uhr. Weitere Termine findet ihr unter https:\/\/akb.de\/bayerns-voltigierer-gegen-leukaemie\/. An den Bayerischen Meisterschaften werden\" \/>\n<meta property=\"og:url\" content=\"https:\/\/vrc-weicht.de\/?p=777\" \/>\n<meta property=\"og:site_name\" content=\"VRC Weicht\" \/>\n<meta property=\"article:publisher\" content=\"https:\/\/www.facebook.com\/VRC-Weicht-1568356060081567\" \/>\n<meta property=\"article:published_time\" content=\"2023-04-16T09:47:42+00:00\" \/>\n<meta property=\"article:modified_time\" content=\"2023-07-13T07:51:52+00:00\" \/>\n<meta property=\"og:image\" content=\"https:\/\/vrc-weicht.de\/wp-content\/uploads\/2023\/04\/Plakat-29.04.2023-Weicht_Volti_gegen_Leukaemie-mitBotschafter-768x1024.png\" \/>\n<meta name=\"author\" content=\"Theresa Liebchen\" \/>\n<meta name=\"twitter:card\" content=\"summary_large_image\" \/>\n<meta name=\"twitter:label1\" content=\"Verfasst von\" \/>\n\t<meta name=\"twitter:data1\" content=\"Theresa Liebchen\" \/>\n\t<meta name=\"twitter:label2\" content=\"Gesch\u00e4tzte Lesezeit\" \/>\n\t<meta name=\"twitter:data2\" content=\"1\u00a0Minute\" \/>\n<script type=\"application\/ld+json\" class=\"yoast-schema-graph\">{\"@context\":\"https:\/\/schema.org\",\"@graph\":[{\"@type\":\"Article\",\"@id\":\"https:\/\/vrc-weicht.de\/?p=777#article\",\"isPartOf\":{\"@id\":\"https:\/\/vrc-weicht.de\/?p=777\"},\"author\":{\"name\":\"Theresa Liebchen\",\"@id\":\"https:\/\/vrc-weicht.de\/#\/schema\/person\/c80e73098eeb9dd4ba8b3c3d23f90f51\"},\"headline\":\"Bayerns Voltigierer gegen Leuk\u00e4mie!\",\"datePublished\":\"2023-04-16T09:47:42+00:00\",\"dateModified\":\"2023-07-13T07:51:52+00:00\",\"mainEntityOfPage\":{\"@id\":\"https:\/\/vrc-weicht.de\/?p=777\"},\"wordCount\":113,\"publisher\":{\"@id\":\"https:\/\/vrc-weicht.de\/#organization\"},\"articleSection\":[\"Nachrichten\"],\"inLanguage\":\"de\"},{\"@type\":\"WebPage\",\"@id\":\"https:\/\/vrc-weicht.de\/?p=777\",\"url\":\"https:\/\/vrc-weicht.de\/?p=777\",\"name\":\"Bayerns Voltigierer gegen Leuk\u00e4mie! - VRC Weicht\",\"isPartOf\":{\"@id\":\"https:\/\/vrc-weicht.de\/#website\"},\"datePublished\":\"2023-04-16T09:47:42+00:00\",\"dateModified\":\"2023-07-13T07:51:52+00:00\",\"breadcrumb\":{\"@id\":\"https:\/\/vrc-weicht.de\/?p=777#breadcrumb\"},\"inLanguage\":\"de\",\"potentialAction\":[{\"@type\":\"ReadAction\",\"target\":[\"https:\/\/vrc-weicht.de\/?p=777\"]}]},{\"@type\":\"BreadcrumbList\",\"@id\":\"https:\/\/vrc-weicht.de\/?p=777#breadcrumb\",\"itemListElement\":[{\"@type\":\"ListItem\",\"position\":1,\"name\":\"Startseite\",\"item\":\"https:\/\/vrc-weicht.de\/\"},{\"@type\":\"ListItem\",\"position\":2,\"name\":\"Bayerns Voltigierer gegen Leuk\u00e4mie!\"}]},{\"@type\":\"WebSite\",\"@id\":\"https:\/\/vrc-weicht.de\/#website\",\"url\":\"https:\/\/vrc-weicht.de\/\",\"name\":\"VRC Weicht\",\"description\":\"Voltigier- und Reitcentrum Weicht e.V.\",\"publisher\":{\"@id\":\"https:\/\/vrc-weicht.de\/#organization\"},\"potentialAction\":[{\"@type\":\"SearchAction\",\"target\":{\"@type\":\"EntryPoint\",\"urlTemplate\":\"https:\/\/vrc-weicht.de\/?s={search_term_string}\"},\"query-input\":\"required name=search_term_string\"}],\"inLanguage\":\"de\"},{\"@type\":\"Organization\",\"@id\":\"https:\/\/vrc-weicht.de\/#organization\",\"name\":\"VRC Weicht e.V.\",\"url\":\"https:\/\/vrc-weicht.de\/\",\"logo\":{\"@type\":\"ImageObject\",\"inLanguage\":\"de\",\"@id\":\"https:\/\/vrc-weicht.de\/#\/schema\/logo\/image\/\",\"url\":\"https:\/\/vrc-weicht.de\/wp-content\/uploads\/2020\/11\/VRC-Weicht-Logo.png\",\"contentUrl\":\"https:\/\/vrc-weicht.de\/wp-content\/uploads\/2020\/11\/VRC-Weicht-Logo.png\",\"width\":512,\"height\":512,\"caption\":\"VRC Weicht e.V.\"},\"image\":{\"@id\":\"https:\/\/vrc-weicht.de\/#\/schema\/logo\/image\/\"},\"sameAs\":[\"https:\/\/www.instagram.com\/seniorteam_weicht\/\",\"https:\/\/www.facebook.com\/VRC-Weicht-1568356060081567\"]},{\"@type\":\"Person\",\"@id\":\"https:\/\/vrc-weicht.de\/#\/schema\/person\/c80e73098eeb9dd4ba8b3c3d23f90f51\",\"name\":\"Theresa Liebchen\",\"image\":{\"@type\":\"ImageObject\",\"inLanguage\":\"de\",\"@id\":\"https:\/\/vrc-weicht.de\/#\/schema\/person\/image\/\",\"url\":\"https:\/\/secure.gravatar.com\/avatar\/bb1b790bb1dc11eef2bee3902f1dc755?s=96&d=mm&r=g\",\"contentUrl\":\"https:\/\/secure.gravatar.com\/avatar\/bb1b790bb1dc11eef2bee3902f1dc755?s=96&d=mm&r=g\",\"caption\":\"Theresa Liebchen\"},\"url\":\"https:\/\/vrc-weicht.de\/?author=4\"}]}<\/script>\n<!-- \/ Yoast SEO plugin. -->","yoast_head_json":{"title":"Bayerns Voltigierer gegen Leuk\u00e4mie! - VRC Weicht","robots":{"index":"index","follow":"follow","max-snippet":"max-snippet:-1","max-image-preview":"max-image-preview:large","max-video-preview":"max-video-preview:-1"},"canonical":"https:\/\/vrc-weicht.de\/?p=777","og_locale":"de_DE","og_type":"article","og_title":"Bayerns Voltigierer gegen Leuk\u00e4mie! - VRC Weicht","og_description":"Bis Mitte Juli habt ihr auf verschiedenen Turnieren die M\u00f6glichkeit, euch in die Stammzellspenderdatei der Stiftung AKB aufnehmen zu lassen. Ganz einfach \u2013 per Wangenabstrich! Der Typisierungstermin auf dem Breitensportturnier des VRC-Weicht e.V. ist am Samstag, 29. April 2023 von 11.00 \u2013 16.00 Uhr. Weitere Termine findet ihr unter https:\/\/akb.de\/bayerns-voltigierer-gegen-leukaemie\/. An den Bayerischen Meisterschaften werden","og_url":"https:\/\/vrc-weicht.de\/?p=777","og_site_name":"VRC Weicht","article_publisher":"https:\/\/www.facebook.com\/VRC-Weicht-1568356060081567","article_published_time":"2023-04-16T09:47:42+00:00","article_modified_time":"2023-07-13T07:51:52+00:00","og_image":[{"url":"https:\/\/vrc-weicht.de\/wp-content\/uploads\/2023\/04\/Plakat-29.04.2023-Weicht_Volti_gegen_Leukaemie-mitBotschafter-768x1024.png"}],"author":"Theresa Liebchen","twitter_card":"summary_large_image","twitter_misc":{"Verfasst von":"Theresa Liebchen","Gesch\u00e4tzte Lesezeit":"1\u00a0Minute"},"schema":{"@context":"https:\/\/schema.org","@graph":[{"@type":"Article","@id":"https:\/\/vrc-weicht.de\/?p=777#article","isPartOf":{"@id":"https:\/\/vrc-weicht.de\/?p=777"},"author":{"name":"Theresa Liebchen","@id":"https:\/\/vrc-weicht.de\/#\/schema\/person\/c80e73098eeb9dd4ba8b3c3d23f90f51"},"headline":"Bayerns Voltigierer gegen Leuk\u00e4mie!","datePublished":"2023-04-16T09:47:42+00:00","dateModified":"2023-07-13T07:51:52+00:00","mainEntityOfPage":{"@id":"https:\/\/vrc-weicht.de\/?p=777"},"wordCount":113,"publisher":{"@id":"https:\/\/vrc-weicht.de\/#organization"},"articleSection":["Nachrichten"],"inLanguage":"de"},{"@type":"WebPage","@id":"https:\/\/vrc-weicht.de\/?p=777","url":"https:\/\/vrc-weicht.de\/?p=777","name":"Bayerns Voltigierer gegen Leuk\u00e4mie! - VRC Weicht","isPartOf":{"@id":"https:\/\/vrc-weicht.de\/#website"},"datePublished":"2023-04-16T09:47:42+00:00","dateModified":"2023-07-13T07:51:52+00:00","breadcrumb":{"@id":"https:\/\/vrc-weicht.de\/?p=777#breadcrumb"},"inLanguage":"de","potentialAction":[{"@type":"ReadAction","target":["https:\/\/vrc-weicht.de\/?p=777"]}]},{"@type":"BreadcrumbList","@id":"https:\/\/vrc-weicht.de\/?p=777#breadcrumb","itemListElement":[{"@type":"ListItem","position":1,"name":"Startseite","item":"https:\/\/vrc-weicht.de\/"},{"@type":"ListItem","position":2,"name":"Bayerns Voltigierer gegen Leuk\u00e4mie!"}]},{"@type":"WebSite","@id":"https:\/\/vrc-weicht.de\/#website","url":"https:\/\/vrc-weicht.de\/","name":"VRC Weicht","description":"Voltigier- und Reitcentrum Weicht e.V.","publisher":{"@id":"https:\/\/vrc-weicht.de\/#organization"},"potentialAction":[{"@type":"SearchAction","target":{"@type":"EntryPoint","urlTemplate":"https:\/\/vrc-weicht.de\/?s={search_term_string}"},"query-input":"required name=search_term_string"}],"inLanguage":"de"},{"@type":"Organization","@id":"https:\/\/vrc-weicht.de\/#organization","name":"VRC Weicht e.V.","url":"https:\/\/vrc-weicht.de\/","logo":{"@type":"ImageObject","inLanguage":"de","@id":"https:\/\/vrc-weicht.de\/#\/schema\/logo\/image\/","url":"https:\/\/vrc-weicht.de\/wp-content\/uploads\/2020\/11\/VRC-Weicht-Logo.png","contentUrl":"https:\/\/vrc-weicht.de\/wp-content\/uploads\/2020\/11\/VRC-Weicht-Logo.png","width":512,"height":512,"caption":"VRC Weicht e.V."},"image":{"@id":"https:\/\/vrc-weicht.de\/#\/schema\/logo\/image\/"},"sameAs":["https:\/\/www.instagram.com\/seniorteam_weicht\/","https:\/\/www.facebook.com\/VRC-Weicht-1568356060081567"]},{"@type":"Person","@id":"https:\/\/vrc-weicht.de\/#\/schema\/person\/c80e73098eeb9dd4ba8b3c3d23f90f51","name":"Theresa Liebchen","image":{"@type":"ImageObject","inLanguage":"de","@id":"https:\/\/vrc-weicht.de\/#\/schema\/person\/image\/","url":"https:\/\/secure.gravatar.com\/avatar\/bb1b790bb1dc11eef2bee3902f1dc755?s=96&d=mm&r=g","contentUrl":"https:\/\/secure.gravatar.com\/avatar\/bb1b790bb1dc11eef2bee3902f1dc755?s=96&d=mm&r=g","caption":"Theresa Liebchen"},"url":"https:\/\/vrc-weicht.de\/?author=4"}]}},"_links":{"self":[{"href":"https:\/\/vrc-weicht.de\/index.php?rest_route=\/wp\/v2\/posts\/777"}],"collection":[{"href":"https:\/\/vrc-weicht.de\/index.php?rest_route=\/wp\/v2\/posts"}],"about":[{"href":"https:\/\/vrc-weicht.de\/index.php?rest_route=\/wp\/v2\/types\/post"}],"author":[{"embeddable":true,"href":"https:\/\/vrc-weicht.de\/index.php?rest_route=\/wp\/v2\/users\/4"}],"replies":[{"embeddable":true,"href":"https:\/\/vrc-weicht.de\/index.php?rest_route=%2Fwp%2Fv2%2Fcomments&post=777"}],"version-history":[{"count":6,"href":"https:\/\/vrc-weicht.de\/index.php?rest_route=\/wp\/v2\/posts\/777\/revisions"}],"predecessor-version":[{"id":820,"href":"https:\/\/vrc-weicht.de\/index.php?rest_route=\/wp\/v2\/posts\/777\/revisions\/820"}],"wp:attachment":[{"href":"https:\/\/vrc-weicht.de\/index.php?rest_route=%2Fwp%2Fv2%2Fmedia&parent=777"}],"wp:term":[{"taxonomy":"category","embeddable":true,"href":"https:\/\/vrc-weicht.de\/index.php?rest_route=%2Fwp%2Fv2%2Fcategories&post=777"},{"taxonomy":"post_tag","embeddable":true,"href":"https:\/\/vrc-weicht.de\/index.php?rest_route=%2Fwp%2Fv2%2Ftags&post=777"}],"curies":[{"name":"wp","href":"https:\/\/api.w.org\/{rel}","templated":true}]}}