{"id":889,"date":"2024-03-03T12:42:35","date_gmt":"2024-03-03T11:42:35","guid":{"rendered":"https:\/\/vrc-weicht.de\/?p=889"},"modified":"2024-05-05T11:30:45","modified_gmt":"2024-05-05T09:30:45","slug":"breitensporttag-in-weicht","status":"publish","type":"post","link":"https:\/\/vrc-weicht.de\/?p=889","title":{"rendered":"Breitensporttag Voltigieren am 11. Mai 2024 in Weicht"},"content":{"rendered":"\n<p>Wir freuen uns wieder auf einen sch\u00f6nen Breitensporttag auf unserer Anlage in Weicht und sind gespannt auf viele tolle Darbietungen. Wie jedes Jahr m\u00f6chten wir gerne zahlreiche voltigierbegeisterte Teilnehmer und Besucher begr\u00fc\u00dfen und freuen uns schon auf euer Kommen!<\/p>\n\n\n\n<div class=\"wp-block-file\"><a id=\"wp-block-file--media-1559c0dd-0671-4b87-ba79-a06182bcb863\" href=\"https:\/\/vrc-weicht.de\/wp-content\/uploads\/2024\/03\/Ausschreibung-VRC-Weicht-Breitensport-Mai-2024.pdf\" target=\"_blank\" rel=\"noreferrer noopener\"><strong>Ausschreibung VRC Weicht Breitensport Mai 2024<\/strong><\/a><a href=\"https:\/\/vrc-weicht.de\/wp-content\/uploads\/2024\/03\/Ausschreibung-VRC-Weicht-Breitensport-Mai-2024.pdf\" class=\"wp-block-file__button wp-element-button\" download aria-describedby=\"wp-block-file--media-1559c0dd-0671-4b87-ba79-a06182bcb863\"><\/a><\/div>\n\n\n\n<div class=\"wp-block-file\"><a id=\"wp-block-file--media-1559c0dd-0671-4b87-ba79-a06182bcb863\" href=\"https:\/\/vrc-weicht.de\/wp-content\/uploads\/2024\/05\/Zeiteinteilung-Weicht-BS_11.05.2024.pdf\" target=\"_blank\" rel=\"noreferrer noopener\"><strong>Zeiteinteilung-Weicht-BS_11.05.2024<\/strong><\/a><a href=\"https:\/\/vrc-weicht.de\/wp-content\/uploads\/2024\/05\/Zeiteinteilung-Weicht-BS_11.05.2024.pdf\" class=\"wp-block-file__button wp-element-button\" download aria-describedby=\"wp-block-file--media-1559c0dd-0671-4b87-ba79-a06182bcb863\"><\/a><\/div>\n","protected":false},"excerpt":{"rendered":"<p>Wir freuen uns wieder auf einen sch\u00f6nen Breitensporttag auf unserer Anlage in Weicht und sind gespannt auf viele tolle Darbietungen. Wie jedes Jahr m\u00f6chten wir gerne zahlreiche voltigierbegeisterte Teilnehmer und Besucher begr\u00fc\u00dfen und freuen uns schon auf euer Kommen!<\/p>\n","protected":false},"author":4,"featured_media":0,"comment_status":"closed","ping_status":"open","sticky":false,"template":"","format":"standard","meta":[],"categories":[4,5,18],"tags":[23,28,26,13,25],"yoast_head":"<!-- This site is optimized with the Yoast SEO plugin v19.14 - https:\/\/yoast.com\/wordpress\/plugins\/seo\/ -->\n<title>Breitensporttag Voltigieren am 11. Mai 2024 in Weicht - VRC Weicht<\/title>\n<meta name=\"robots\" content=\"index, follow, max-snippet:-1, max-image-preview:large, max-video-preview:-1\" \/>\n<link rel=\"canonical\" href=\"https:\/\/vrc-weicht.de\/?p=889\" \/>\n<meta property=\"og:locale\" content=\"de_DE\" \/>\n<meta property=\"og:type\" content=\"article\" \/>\n<meta property=\"og:title\" content=\"Breitensporttag Voltigieren am 11. Mai 2024 in Weicht - VRC Weicht\" \/>\n<meta property=\"og:description\" content=\"Wir freuen uns wieder auf einen sch\u00f6nen Breitensporttag auf unserer Anlage in Weicht und sind gespannt auf viele tolle Darbietungen. Wie jedes Jahr m\u00f6chten wir gerne zahlreiche voltigierbegeisterte Teilnehmer und Besucher begr\u00fc\u00dfen und freuen uns schon auf euer Kommen!\" \/>\n<meta property=\"og:url\" content=\"https:\/\/vrc-weicht.de\/?p=889\" \/>\n<meta property=\"og:site_name\" content=\"VRC Weicht\" \/>\n<meta property=\"article:publisher\" content=\"https:\/\/www.facebook.com\/VRC-Weicht-1568356060081567\" \/>\n<meta property=\"article:published_time\" content=\"2024-03-03T11:42:35+00:00\" \/>\n<meta property=\"article:modified_time\" content=\"2024-05-05T09:30:45+00:00\" \/>\n<meta name=\"author\" content=\"Theresa Liebchen\" \/>\n<meta name=\"twitter:card\" content=\"summary_large_image\" \/>\n<meta name=\"twitter:label1\" content=\"Verfasst von\" \/>\n\t<meta name=\"twitter:data1\" content=\"Theresa Liebchen\" \/>\n\t<meta name=\"twitter:label2\" content=\"Gesch\u00e4tzte Lesezeit\" \/>\n\t<meta name=\"twitter:data2\" content=\"1\u00a0Minute\" \/>\n<script type=\"application\/ld+json\" class=\"yoast-schema-graph\">{\"@context\":\"https:\/\/schema.org\",\"@graph\":[{\"@type\":\"Article\",\"@id\":\"https:\/\/vrc-weicht.de\/?p=889#article\",\"isPartOf\":{\"@id\":\"https:\/\/vrc-weicht.de\/?p=889\"},\"author\":{\"name\":\"Theresa Liebchen\",\"@id\":\"https:\/\/vrc-weicht.de\/#\/schema\/person\/c80e73098eeb9dd4ba8b3c3d23f90f51\"},\"headline\":\"Breitensporttag Voltigieren am 11. Mai 2024 in Weicht\",\"datePublished\":\"2024-03-03T11:42:35+00:00\",\"dateModified\":\"2024-05-05T09:30:45+00:00\",\"mainEntityOfPage\":{\"@id\":\"https:\/\/vrc-weicht.de\/?p=889\"},\"wordCount\":54,\"publisher\":{\"@id\":\"https:\/\/vrc-weicht.de\/#organization\"},\"keywords\":[\"Ausschreibung\",\"Breitensporttag\",\"Veranstaltung\",\"Voltigieren\",\"VRC-Weicht\"],\"articleSection\":[\"Ausschreibungen\",\"Veranstaltungen\",\"Voltigieren\"],\"inLanguage\":\"de\"},{\"@type\":\"WebPage\",\"@id\":\"https:\/\/vrc-weicht.de\/?p=889\",\"url\":\"https:\/\/vrc-weicht.de\/?p=889\",\"name\":\"Breitensporttag Voltigieren am 11. Mai 2024 in Weicht - VRC Weicht\",\"isPartOf\":{\"@id\":\"https:\/\/vrc-weicht.de\/#website\"},\"datePublished\":\"2024-03-03T11:42:35+00:00\",\"dateModified\":\"2024-05-05T09:30:45+00:00\",\"breadcrumb\":{\"@id\":\"https:\/\/vrc-weicht.de\/?p=889#breadcrumb\"},\"inLanguage\":\"de\",\"potentialAction\":[{\"@type\":\"ReadAction\",\"target\":[\"https:\/\/vrc-weicht.de\/?p=889\"]}]},{\"@type\":\"BreadcrumbList\",\"@id\":\"https:\/\/vrc-weicht.de\/?p=889#breadcrumb\",\"itemListElement\":[{\"@type\":\"ListItem\",\"position\":1,\"name\":\"Startseite\",\"item\":\"https:\/\/vrc-weicht.de\/\"},{\"@type\":\"ListItem\",\"position\":2,\"name\":\"Breitensporttag Voltigieren am 11. Mai 2024 in Weicht\"}]},{\"@type\":\"WebSite\",\"@id\":\"https:\/\/vrc-weicht.de\/#website\",\"url\":\"https:\/\/vrc-weicht.de\/\",\"name\":\"VRC Weicht\",\"description\":\"Voltigier- und Reitcentrum Weicht e.V.\",\"publisher\":{\"@id\":\"https:\/\/vrc-weicht.de\/#organization\"},\"potentialAction\":[{\"@type\":\"SearchAction\",\"target\":{\"@type\":\"EntryPoint\",\"urlTemplate\":\"https:\/\/vrc-weicht.de\/?s={search_term_string}\"},\"query-input\":\"required name=search_term_string\"}],\"inLanguage\":\"de\"},{\"@type\":\"Organization\",\"@id\":\"https:\/\/vrc-weicht.de\/#organization\",\"name\":\"VRC Weicht e.V.\",\"url\":\"https:\/\/vrc-weicht.de\/\",\"logo\":{\"@type\":\"ImageObject\",\"inLanguage\":\"de\",\"@id\":\"https:\/\/vrc-weicht.de\/#\/schema\/logo\/image\/\",\"url\":\"https:\/\/vrc-weicht.de\/wp-content\/uploads\/2020\/11\/VRC-Weicht-Logo.png\",\"contentUrl\":\"https:\/\/vrc-weicht.de\/wp-content\/uploads\/2020\/11\/VRC-Weicht-Logo.png\",\"width\":512,\"height\":512,\"caption\":\"VRC Weicht e.V.\"},\"image\":{\"@id\":\"https:\/\/vrc-weicht.de\/#\/schema\/logo\/image\/\"},\"sameAs\":[\"https:\/\/www.instagram.com\/seniorteam_weicht\/\",\"https:\/\/www.facebook.com\/VRC-Weicht-1568356060081567\"]},{\"@type\":\"Person\",\"@id\":\"https:\/\/vrc-weicht.de\/#\/schema\/person\/c80e73098eeb9dd4ba8b3c3d23f90f51\",\"name\":\"Theresa Liebchen\",\"image\":{\"@type\":\"ImageObject\",\"inLanguage\":\"de\",\"@id\":\"https:\/\/vrc-weicht.de\/#\/schema\/person\/image\/\",\"url\":\"https:\/\/secure.gravatar.com\/avatar\/bb1b790bb1dc11eef2bee3902f1dc755?s=96&d=mm&r=g\",\"contentUrl\":\"https:\/\/secure.gravatar.com\/avatar\/bb1b790bb1dc11eef2bee3902f1dc755?s=96&d=mm&r=g\",\"caption\":\"Theresa Liebchen\"},\"url\":\"https:\/\/vrc-weicht.de\/?author=4\"}]}<\/script>\n<!-- \/ Yoast SEO plugin. -->","yoast_head_json":{"title":"Breitensporttag Voltigieren am 11. Mai 2024 in Weicht - VRC Weicht","robots":{"index":"index","follow":"follow","max-snippet":"max-snippet:-1","max-image-preview":"max-image-preview:large","max-video-preview":"max-video-preview:-1"},"canonical":"https:\/\/vrc-weicht.de\/?p=889","og_locale":"de_DE","og_type":"article","og_title":"Breitensporttag Voltigieren am 11. Mai 2024 in Weicht - VRC Weicht","og_description":"Wir freuen uns wieder auf einen sch\u00f6nen Breitensporttag auf unserer Anlage in Weicht und sind gespannt auf viele tolle Darbietungen. Wie jedes Jahr m\u00f6chten wir gerne zahlreiche voltigierbegeisterte Teilnehmer und Besucher begr\u00fc\u00dfen und freuen uns schon auf euer Kommen!","og_url":"https:\/\/vrc-weicht.de\/?p=889","og_site_name":"VRC Weicht","article_publisher":"https:\/\/www.facebook.com\/VRC-Weicht-1568356060081567","article_published_time":"2024-03-03T11:42:35+00:00","article_modified_time":"2024-05-05T09:30:45+00:00","author":"Theresa Liebchen","twitter_card":"summary_large_image","twitter_misc":{"Verfasst von":"Theresa Liebchen","Gesch\u00e4tzte Lesezeit":"1\u00a0Minute"},"schema":{"@context":"https:\/\/schema.org","@graph":[{"@type":"Article","@id":"https:\/\/vrc-weicht.de\/?p=889#article","isPartOf":{"@id":"https:\/\/vrc-weicht.de\/?p=889"},"author":{"name":"Theresa Liebchen","@id":"https:\/\/vrc-weicht.de\/#\/schema\/person\/c80e73098eeb9dd4ba8b3c3d23f90f51"},"headline":"Breitensporttag Voltigieren am 11. Mai 2024 in Weicht","datePublished":"2024-03-03T11:42:35+00:00","dateModified":"2024-05-05T09:30:45+00:00","mainEntityOfPage":{"@id":"https:\/\/vrc-weicht.de\/?p=889"},"wordCount":54,"publisher":{"@id":"https:\/\/vrc-weicht.de\/#organization"},"keywords":["Ausschreibung","Breitensporttag","Veranstaltung","Voltigieren","VRC-Weicht"],"articleSection":["Ausschreibungen","Veranstaltungen","Voltigieren"],"inLanguage":"de"},{"@type":"WebPage","@id":"https:\/\/vrc-weicht.de\/?p=889","url":"https:\/\/vrc-weicht.de\/?p=889","name":"Breitensporttag Voltigieren am 11. Mai 2024 in Weicht - VRC Weicht","isPartOf":{"@id":"https:\/\/vrc-weicht.de\/#website"},"datePublished":"2024-03-03T11:42:35+00:00","dateModified":"2024-05-05T09:30:45+00:00","breadcrumb":{"@id":"https:\/\/vrc-weicht.de\/?p=889#breadcrumb"},"inLanguage":"de","potentialAction":[{"@type":"ReadAction","target":["https:\/\/vrc-weicht.de\/?p=889"]}]},{"@type":"BreadcrumbList","@id":"https:\/\/vrc-weicht.de\/?p=889#breadcrumb","itemListElement":[{"@type":"ListItem","position":1,"name":"Startseite","item":"https:\/\/vrc-weicht.de\/"},{"@type":"ListItem","position":2,"name":"Breitensporttag Voltigieren am 11. Mai 2024 in Weicht"}]},{"@type":"WebSite","@id":"https:\/\/vrc-weicht.de\/#website","url":"https:\/\/vrc-weicht.de\/","name":"VRC Weicht","description":"Voltigier- und Reitcentrum Weicht e.V.","publisher":{"@id":"https:\/\/vrc-weicht.de\/#organization"},"potentialAction":[{"@type":"SearchAction","target":{"@type":"EntryPoint","urlTemplate":"https:\/\/vrc-weicht.de\/?s={search_term_string}"},"query-input":"required name=search_term_string"}],"inLanguage":"de"},{"@type":"Organization","@id":"https:\/\/vrc-weicht.de\/#organization","name":"VRC Weicht e.V.","url":"https:\/\/vrc-weicht.de\/","logo":{"@type":"ImageObject","inLanguage":"de","@id":"https:\/\/vrc-weicht.de\/#\/schema\/logo\/image\/","url":"https:\/\/vrc-weicht.de\/wp-content\/uploads\/2020\/11\/VRC-Weicht-Logo.png","contentUrl":"https:\/\/vrc-weicht.de\/wp-content\/uploads\/2020\/11\/VRC-Weicht-Logo.png","width":512,"height":512,"caption":"VRC Weicht e.V."},"image":{"@id":"https:\/\/vrc-weicht.de\/#\/schema\/logo\/image\/"},"sameAs":["https:\/\/www.instagram.com\/seniorteam_weicht\/","https:\/\/www.facebook.com\/VRC-Weicht-1568356060081567"]},{"@type":"Person","@id":"https:\/\/vrc-weicht.de\/#\/schema\/person\/c80e73098eeb9dd4ba8b3c3d23f90f51","name":"Theresa Liebchen","image":{"@type":"ImageObject","inLanguage":"de","@id":"https:\/\/vrc-weicht.de\/#\/schema\/person\/image\/","url":"https:\/\/secure.gravatar.com\/avatar\/bb1b790bb1dc11eef2bee3902f1dc755?s=96&d=mm&r=g","contentUrl":"https:\/\/secure.gravatar.com\/avatar\/bb1b790bb1dc11eef2bee3902f1dc755?s=96&d=mm&r=g","caption":"Theresa Liebchen"},"url":"https:\/\/vrc-weicht.de\/?author=4"}]}},"_links":{"self":[{"href":"https:\/\/vrc-weicht.de\/index.php?rest_route=\/wp\/v2\/posts\/889"}],"collection":[{"href":"https:\/\/vrc-weicht.de\/index.php?rest_route=\/wp\/v2\/posts"}],"about":[{"href":"https:\/\/vrc-weicht.de\/index.php?rest_route=\/wp\/v2\/types\/post"}],"author":[{"embeddable":true,"href":"https:\/\/vrc-weicht.de\/index.php?rest_route=\/wp\/v2\/users\/4"}],"replies":[{"embeddable":true,"href":"https:\/\/vrc-weicht.de\/index.php?rest_route=%2Fwp%2Fv2%2Fcomments&post=889"}],"version-history":[{"count":8,"href":"https:\/\/vrc-weicht.de\/index.php?rest_route=\/wp\/v2\/posts\/889\/revisions"}],"predecessor-version":[{"id":908,"href":"https:\/\/vrc-weicht.de\/index.php?rest_route=\/wp\/v2\/posts\/889\/revisions\/908"}],"wp:attachment":[{"href":"https:\/\/vrc-weicht.de\/index.php?rest_route=%2Fwp%2Fv2%2Fmedia&parent=889"}],"wp:term":[{"taxonomy":"category","embeddable":true,"href":"https:\/\/vrc-weicht.de\/index.php?rest_route=%2Fwp%2Fv2%2Fcategories&post=889"},{"taxonomy":"post_tag","embeddable":true,"href":"https:\/\/vrc-weicht.de\/index.php?rest_route=%2Fwp%2Fv2%2Ftags&post=889"}],"curies":[{"name":"wp","href":"https:\/\/api.w.org\/{rel}","templated":true}]}}